{"id":32127,"date":"2021-10-26T15:16:24","date_gmt":"2021-10-26T20:16:24","guid":{"rendered":"https:\/\/blog.bindy.com\/?p=32127"},"modified":"2024-08-20T09:44:42","modified_gmt":"2024-08-20T13:44:42","slug":"hur-man-anstaller-tidigare-butiksanstallda","status":"publish","type":"post","link":"https:\/\/blog.bindy.com\/sv\/how-to-hire-former-retail-employees\/","title":{"rendered":"Hur man anst\u00e4ller tidigare \u00e5terf\u00f6rs\u00e4ljare"},"content":{"rendered":"<p class=\"wp-block-paragraph\">Vid anst\u00e4llning str\u00e4var alla f\u00f6retag efter att g\u00f6ra en sak: ta in den b\u00e4sta personen f\u00f6r jobbet. Detta \u00e4r dock l\u00e4ttare sagt \u00e4n gjort, eftersom karri\u00e4rmarknaden kan vara en komplex och konkurrensutsatt milj\u00f6. F\u00f6r att inte tala om, den globala ekonomin skakades av h\u00e4ndelserna 2020, s\u00e5 detaljhandeln och andra industrier har f\u00f6r\u00e4ndrat hur de g\u00f6r aff\u00e4rer.&nbsp;<\/p>\n\n\n\n<p class=\"wp-block-paragraph\">Att arbeta under pandemin har f\u00e5tt m\u00e4nniskor och arbetsgivare att bli mer flexibla och innovativa. Under det senaste \u00e5ret tvingades m\u00e5nga \u00e5terf\u00f6rs\u00e4ljare att s\u00e4ga upp eller permanent s\u00e4ga upp anst\u00e4llda p\u00e5 grund av minskade eller avbrutna aff\u00e4rer. M\u00e5nga \u00e5terf\u00f6rs\u00e4ljare har minskat bemanningen som svar p\u00e5 covid-19 och f\u00f6r\u00e4ndrade aff\u00e4rsbehov. Nu n\u00e4r aff\u00e4rsverksamheten \u00e5terg\u00e5r till &quot;normal&quot; st\u00e4lls \u00e5terf\u00f6rs\u00e4ljare inf\u00f6r en ny utmaning: att bygga om sina team.&nbsp;<\/p>\n\n\n\n<p class=\"wp-block-paragraph\">Retailuthyrning kan vara en tuff utmaning \u00e4ven i en normal ekonomi. Dessa (mestadels) positioner p\u00e5 ing\u00e5ngsniv\u00e5 har vanligtvis h\u00f6g oms\u00e4ttning och kort anst\u00e4llningstid. M\u00e5nga detaljanst\u00e4llda arbetar ofta s\u00e4songsm\u00e4ssigt, deltid under skolan, eller helt enkelt som ett s\u00e4tt att komma in i arbetsstyrkan. Dessa omst\u00e4ndigheter (bland andra) kan leda till \u201dboomerang\u201d-anst\u00e4llda \u2013 personer som slutar och s\u00f6ker \u00e5teranst\u00e4llning vid ett senare tillf\u00e4lle.<\/p>\n\n\n\n<p class=\"wp-block-paragraph\">Detta v\u00e4cker fr\u00e5gan: <em>ska du \u00e5teranst\u00e4lla tidigare \u00e5terf\u00f6rs\u00e4ljare?<\/em> Och i s\u00e5 fall, vad \u00e4r det b\u00e4sta s\u00e4ttet att g\u00e5 till v\u00e4ga?&nbsp;<\/p>\n\n\n\n<p class=\"wp-block-paragraph\">Den h\u00e4r artikeln utforskar f\u00f6rdelarna och \u00f6verv\u00e4gandena n\u00e4r det g\u00e4ller att \u00e5teranst\u00e4lla tidigare anst\u00e4llda, och de fr\u00e5gor som \u00e5terf\u00f6rs\u00e4ljare b\u00f6r st\u00e4lla om de \u00f6verv\u00e4ger att \u00e5teranst\u00e4lla.<\/p>\n\n\n\n<h2 class=\"wp-block-heading\" id=\"the-benefits-of-rehiring-employees\">F\u00f6rdelarna med att \u00e5teranst\u00e4lla anst\u00e4llda<\/h2>\n\n\n\n<p class=\"wp-block-paragraph\">Upps\u00e4gningar eller permitteringar p\u00e5 grund av covid-19, s\u00e4songsanst\u00e4llningar och att helt enkelt s\u00f6ka arbete n\u00e5gon annanstans \u00e4r vanliga sk\u00e4l f\u00f6r anst\u00e4llda att l\u00e4mna sitt detaljhandelsjobb. F\u00f6rutsatt att medarbetaren slutar p\u00e5 goda villkor b\u00f6r du inte utesluta dem fr\u00e5n att ans\u00f6ka igen. Faktum \u00e4r att det finns flera f\u00f6rdelar med att \u00e5teranst\u00e4lla en tidigare anst\u00e4lld.<\/p>\n\n\n\n<h3 class=\"wp-block-heading\" id=\"you-ll-have-lower-hiring-costs\">Du f\u00e5r l\u00e4gre anst\u00e4llningskostnader<\/h3>\n\n\n\n<blockquote class=\"wp-block-quote is-layout-flow wp-block-quote-is-layout-flow\">\n<p class=\"wp-block-paragraph\">&quot;Att anst\u00e4lla nya medarbetare skulle vara mycket arbete, fr\u00e5n utbildning och ge dem kunskap om ditt f\u00f6retag&quot;, f\u00f6rklarar Robert Johnson, grundare p\u00e5 <a href=\"https:\/\/www.sawinery.net\/\">S\u00e5gari<\/a>. &quot;\u00c5 andra sidan kommer att \u00e5teranst\u00e4lla f\u00f6r anst\u00e4llda bara ta lite uppfr\u00e4schning och skulle resultera i l\u00e5ga anst\u00e4llningskostnader, d\u00e4rf\u00f6r \u00e4r produktiviteten inom f\u00f6retaget mer effektiv.&quot;<\/p>\n<\/blockquote>\n\n\n\n<p class=\"wp-block-paragraph\">Den genomsnittliga kostnaden f\u00f6r att anst\u00e4lla en anst\u00e4lld varierar mycket, men forskning visar en <a href=\"https:\/\/hbr.org\/2002\/06\/cultivating-ex-employees\">\u00e5teranst\u00e4llning kostar h\u00e4lften s\u00e5 mycket<\/a> som nettonyanst\u00e4lld. Att \u00e5teranst\u00e4lla en tidigare anst\u00e4lld \u00e4r ofta mindre kostsamt och resulterar i en snabbare introduktionsprocess.&nbsp;<\/p>\n\n\n\n<p class=\"wp-block-paragraph\">Att anst\u00e4lla en ny medarbetare inneb\u00e4r att l\u00e4ra ut de tekniska kunskaper och kulturkunskaper som beh\u00f6vs f\u00f6r tj\u00e4nsten. Att tr\u00e4na p\u00e5 enbart ett POS-system kan ta flera dagar, och det tar ocks\u00e5 tid att f\u00e5 &quot;marken i landet&quot;. Att ta tillbaka en tidigare anst\u00e4lld kan minska eller eliminera den tid det tar att f\u00e5 n\u00e5gon att komma ig\u00e5ng.<\/p>\n\n\n\n<figure class=\"wp-block-image size-full\"><a href=\"https:\/\/bindy.com\/\" target=\"_blank\" rel=\"noopener\"><img data-recalc-dims=\"1\" loading=\"lazy\" decoding=\"async\" width=\"700\" height=\"366\" data-attachment-id=\"56951\" data-permalink=\"https:\/\/blog.bindy.com\/sv\/a-retailers-guide-to-compliance-with-americans-with-disabilities-act\/bindy-banner-ads-with-iph13_linkedin-1-copie-17-800\/\" data-orig-file=\"https:\/\/i0.wp.com\/blog.bindy.com\/wp-content\/uploads\/2021\/11\/Bindy-Banner-ads-with-Iph13_LinkedIn-1-copie-17-800.png?fit=800%2C418&amp;ssl=1\" data-orig-size=\"800,418\" data-comments-opened=\"1\" data-image-meta=\"{&quot;aperture&quot;:&quot;0&quot;,&quot;credit&quot;:&quot;&quot;,&quot;camera&quot;:&quot;&quot;,&quot;caption&quot;:&quot;&quot;,&quot;created_timestamp&quot;:&quot;0&quot;,&quot;copyright&quot;:&quot;&quot;,&quot;focal_length&quot;:&quot;0&quot;,&quot;iso&quot;:&quot;0&quot;,&quot;shutter_speed&quot;:&quot;0&quot;,&quot;title&quot;:&quot;&quot;,&quot;orientation&quot;:&quot;0&quot;}\" data-image-title=\"Bindy-Banner ads with Iph13_LinkedIn &amp;#8211; 1 copie 17-800\" data-image-description=\"\" data-image-caption=\"\" data-large-file=\"https:\/\/i0.wp.com\/blog.bindy.com\/wp-content\/uploads\/2021\/11\/Bindy-Banner-ads-with-Iph13_LinkedIn-1-copie-17-800.png?fit=700%2C366&amp;ssl=1\" src=\"https:\/\/i0.wp.com\/blog.bindy.com\/wp-content\/uploads\/2021\/11\/Bindy-Banner-ads-with-Iph13_LinkedIn-1-copie-17-800.png?resize=700%2C366&#038;ssl=1\" alt=\"\" class=\"wp-image-56951\" srcset=\"https:\/\/i0.wp.com\/blog.bindy.com\/wp-content\/uploads\/2021\/11\/Bindy-Banner-ads-with-Iph13_LinkedIn-1-copie-17-800.png?w=800&amp;ssl=1 800w, https:\/\/i0.wp.com\/blog.bindy.com\/wp-content\/uploads\/2021\/11\/Bindy-Banner-ads-with-Iph13_LinkedIn-1-copie-17-800.png?resize=300%2C157&amp;ssl=1 300w, https:\/\/i0.wp.com\/blog.bindy.com\/wp-content\/uploads\/2021\/11\/Bindy-Banner-ads-with-Iph13_LinkedIn-1-copie-17-800.png?resize=768%2C401&amp;ssl=1 768w, https:\/\/i0.wp.com\/blog.bindy.com\/wp-content\/uploads\/2021\/11\/Bindy-Banner-ads-with-Iph13_LinkedIn-1-copie-17-800.png?resize=700%2C366&amp;ssl=1 700w, https:\/\/i0.wp.com\/blog.bindy.com\/wp-content\/uploads\/2021\/11\/Bindy-Banner-ads-with-Iph13_LinkedIn-1-copie-17-800.png?resize=766%2C400&amp;ssl=1 766w\" sizes=\"auto, (max-width: 700px) 100vw, 700px\" \/><\/a><\/figure>\n\n\n\n<h3 class=\"wp-block-heading\" id=\"less-worry-around-cultural-fit\">Mindre oro f\u00f6r kulturell passform<\/h3>\n\n\n\n<p class=\"wp-block-paragraph\">En om\u00e4tbar f\u00f6rdel med en \u00e5teranst\u00e4llning \u00e4r deras f\u00f6rst\u00e5else f\u00f6r verksamhetens kultur. Att inte beh\u00f6va l\u00e4ra ut de immateriella aspekterna av f\u00f6retagskultur f\u00f6rkortar avsev\u00e4rt tiden det tar att f\u00e5 n\u00e5gon att komma ig\u00e5ng.&nbsp;<\/p>\n\n\n\n<p class=\"wp-block-paragraph\">Detta kan ocks\u00e5 ha en inverkan p\u00e5 uppfattningen av f\u00f6retagskulturen hos andra anst\u00e4llda i verksamheten. Att \u00e5teranst\u00e4lla en tidigare anst\u00e4lld visar att f\u00f6retaget v\u00e4rdes\u00e4tter sina medarbetare och inte hyser agg om n\u00e5gon slutar frivilligt. \u00c5terv\u00e4ndande anst\u00e4llda kan ocks\u00e5 p\u00e5verka mentaliteten &quot;gr\u00e4s \u00e4r alltid gr\u00f6nare&quot; genom att visa att de v\u00e4ljer att \u00e5terv\u00e4nda, vilket potentiellt f\u00f6rb\u00e4ttrar ytterligare avg\u00e5ng.<\/p>\n\n\n\n<h3 class=\"wp-block-heading\" id=\"your-business-may-benefit-from-the-employee-s-new-skills\">Ditt f\u00f6retag kan dra nytta av medarbetarens nya kompetens<\/h3>\n\n\n\n<p class=\"wp-block-paragraph\">Om en anst\u00e4lld l\u00e4mnar f\u00f6r ett annat tillf\u00e4lle och senare \u00e5terv\u00e4nder, kan ditt f\u00f6retag ocks\u00e5 dra nytta av den ytterligare kompetens de f\u00f6rv\u00e4rvat. Ny kompetens och fortsatt arbetslivserfarenhet ger ofta en mer v\u00e4lgrundad anst\u00e4lld. Genom att f\u00e5 m\u00e5ngsidig arbetserfarenhet kan en \u00e5teranst\u00e4lld komma tillbaka b\u00e4ttre utrustad och mer produktiv.<\/p>\n\n\n\n<h2 class=\"wp-block-heading\" id=\"what-to-consider-with-rehiring\">Vad ska man t\u00e4nka p\u00e5 vid \u00e5teranst\u00e4llning<\/h2>\n\n\n\n<p class=\"wp-block-paragraph\">Beroende p\u00e5 orsaken till och omst\u00e4ndigheterna f\u00f6r att l\u00e4mna kan det finnas risker f\u00f6r en \u00e5teranst\u00e4llning och flera variabler b\u00f6r beaktas.&nbsp;<\/p>\n\n\n\n<p class=\"wp-block-paragraph\">Under covid-19, <a href=\"https:\/\/www.cnbc.com\/2020\/07\/22\/coronavirus-retail-workforce-faces-permanent-decline.html\">n\u00e4stan 2 miljoner<\/a> butiksbaserade detaljhandelsarbetare permitterades tillf\u00e4lligt eller permanent. \u00c4ven om dessa upps\u00e4gningar till stor del l\u00e5g utanf\u00f6r arbetsgivarens kontroll, kunde tidigare anst\u00e4llda hysa d\u00e5liga k\u00e4nslor av f\u00f6rbittring \u00f6ver att de var en av permitteringarna eller upps\u00e4gningarna. Detta kommer inte alltid att vara fallet, men s\u00e4rskild h\u00e4nsyn b\u00f6r tas under intervjuprocessen och granskning av uttr\u00e4desintervjun f\u00f6r att s\u00e4kerst\u00e4lla att klagom\u00e5l inte kvarh\u00e5lls n\u00e4r de \u00e5terv\u00e4nder. Om s\u00e5 visar sig vara fallet kan det vara b\u00e4st att ompr\u00f6va anst\u00e4llningsbeslutet.&nbsp;<\/p>\n\n\n\n<p class=\"wp-block-paragraph\">H\u00e4r \u00e4r n\u00e5gra fr\u00e5gor att t\u00e4nka p\u00e5 n\u00e4r du funderar p\u00e5 att \u00e5teranst\u00e4lla en tidigare anst\u00e4lld.&nbsp;<\/p>\n\n\n\n<h3 class=\"wp-block-heading\" id=\"what-were-the-circumstances-of-separation\">Vilka var omst\u00e4ndigheterna kring separationen?&nbsp;<\/h3>\n\n\n\n<p class=\"wp-block-paragraph\">S\u00e4songsanst\u00e4llning, upps\u00e4gningar p\u00e5 grund av aff\u00e4rsbehov, separation av anst\u00e4llda och prestationsbaserade upps\u00e4gningar anses inte vara lika. Att titta p\u00e5 orsaken till separationen \u00e4r det f\u00f6rsta steget f\u00f6r att avg\u00f6ra om de \u00e4r ber\u00e4ttigade till \u00e5teranst\u00e4llning.<\/p>\n\n\n\n<h3 class=\"wp-block-heading\" id=\"how-long-have-they-been-away-and-are-their-former-colleagues-still-employed\">Hur l\u00e4nge har de varit borta och \u00e4r deras tidigare kollegor fortfarande anst\u00e4llda?<\/h3>\n\n\n\n<p class=\"wp-block-paragraph\">Om en anst\u00e4lld \u00e4r borta under en kort tid och var i god st\u00e4llning vid avg\u00e5ng, kan det vara smidigt att \u00e5terf\u00f6ra dem. Om medarbetaren var borta under en l\u00e4ngre tid eller verksamheten har f\u00f6r\u00e4ndrats avsev\u00e4rt i sin fr\u00e5nvaro kan processen k\u00e4nnas mer som en nyanst\u00e4llning. Alla \u00e5teranst\u00e4llningar kommer inte att vara desamma med tanke p\u00e5 dessa faktorer. Vid \u00e5teranst\u00e4llning b\u00f6r ledarskapet kommunicera tydligt med \u00e5teranst\u00e4llda f\u00f6r att se till att de f\u00e5r ordentligt st\u00f6d.<\/p>\n\n\n\n<figure class=\"wp-block-image size-large\"><a href=\"https:\/\/i0.wp.com\/blog.bindy.com\/wp-content\/uploads\/2021\/10\/finance_works_here_800.png?ssl=1\"><img data-recalc-dims=\"1\" decoding=\"async\" src=\"https:\/\/i0.wp.com\/blog.bindy.com\/wp-content\/uploads\/2021\/10\/finance_works_here_800.png?w=700&#038;ssl=1\" alt=\"\" class=\"wp-image-13300\"\/><\/a><figcaption class=\"wp-element-caption\"><a href=\"https:\/\/bindy.com\/\" target=\"_blank\" rel=\"noreferrer noopener\">https:\/\/bindy.com\/<\/a><\/figcaption><\/figure>\n\n\n\n<h3 class=\"wp-block-heading\" id=\"was-this-candidate-a-high-performer-previously-and-are-they-the-best-candidate-now\">Var den h\u00e4r kandidaten en h\u00f6gpresterande tidigare, och \u00e4r de den b\u00e4sta kandidaten nu?<\/h3>\n\n\n\n<p class=\"wp-block-paragraph\">En f\u00f6rdel med att \u00f6verv\u00e4ga en \u00e5teranst\u00e4llning \u00e4r den dokumenterade informationen om deras prestation. Om de var en h\u00f6gpresterande tidigare, visar forskning deras <a href=\"https:\/\/hbr.org\/2021\/02\/should-you-rehire-an-employee-who-left-your-company#\">prestandan kommer sannolikt att f\u00f6rbli densamma<\/a> vid \u00e5teranst\u00e4llning. Att utv\u00e4rdera deras tidigare arbete ger unika insikter som bara kan f\u00e5s genom att ha en tidigare arbetshistorik.<\/p>\n\n\n\n<h3 class=\"wp-block-heading\" id=\"did-the-exit-interview-reveal-any-relevant-information-indicating-a-high-risk-rehire\">Avsl\u00f6jade exitintervjun n\u00e5gon relevant information som tyder p\u00e5 en h\u00f6grisk\u00e5teranst\u00e4llning?<\/h3>\n\n\n\n<p class=\"wp-block-paragraph\">Om en exitintervju genomf\u00f6rdes kan det vara belysande att anv\u00e4nda den som informationsk\u00e4lla. Gick de f\u00f6r att de var missn\u00f6jda? Eller s\u00f6kte de helt enkelt en karri\u00e4rtillv\u00e4xtm\u00f6jlighet? Svaret p\u00e5 det kan vara mycket v\u00e4gledande om det skulle passa bra att \u00e5terintr\u00e4da dem och visar ocks\u00e5 vikten av att genomf\u00f6ra exitintervjuer.<\/p>\n\n\n\n<h2 class=\"wp-block-heading\" id=\"rehiring-former-employees-3-tips-to-do-it-right\">\u00c5teranst\u00e4lla tidigare anst\u00e4llda: 3 tips f\u00f6r att g\u00f6ra det r\u00e4tt<\/h2>\n\n\n\n<p class=\"wp-block-paragraph\">Nu n\u00e4r vi t\u00e4ckte de viktigaste \u00f6verv\u00e4gandena f\u00f6r att \u00e5teranst\u00e4lla tidigare anst\u00e4llda, l\u00e5t oss titta p\u00e5 n\u00e5gra b\u00e4sta praxis f\u00f6r att s\u00e4kerst\u00e4lla att processen g\u00e5r smidigt.&nbsp;<\/p>\n\n\n\n<h3 class=\"wp-block-heading\" id=\"have-them-go-through-a-formal-process\">L\u00e5t dem g\u00e5 igenom en formell process<\/h3>\n\n\n\n<p class=\"wp-block-paragraph\">N\u00e4r du \u00f6verv\u00e4ger en \u00e5teranst\u00e4llning b\u00f6r en intervju och en formell ans\u00f6kningsprocess f\u00f6ljas. Detta f\u00f6rbereder rekryteringschefer f\u00f6r framg\u00e5ng och formaliserar processen f\u00f6r alla s\u00f6kande. Att f\u00f6lja regelbundna anst\u00e4llningsmetoder som standard f\u00f6r alla kandidater hj\u00e4lper till att minska partiskhet vid intervjuer f\u00f6r att anst\u00e4lla den som passar b\u00e4st.&nbsp;<\/p>\n\n\n\n<blockquote class=\"wp-block-quote is-layout-flow wp-block-quote-is-layout-flow\">\n<p class=\"wp-block-paragraph\">Som Johnson uttrycker det, &quot;Att bli \u00e5teranst\u00e4lld f\u00e5r inte ge dem en f\u00f6rdel att enkelt komma tillbaka i f\u00f6retaget. Du b\u00f6r fortfarande l\u00e5ta dem g\u00e5 igenom med r\u00e4tt process eftersom detta kommer att hj\u00e4lpa dig att s\u00e4tta upp tydliga f\u00f6rv\u00e4ntningar och s\u00e5 att det inte kommer att vara or\u00e4ttvist mot de andra anst\u00e4llda.\u201d<\/p>\n<\/blockquote>\n\n\n\n<figure class=\"wp-block-image size-large\"><a href=\"https:\/\/i0.wp.com\/blog.bindy.com\/wp-content\/uploads\/2021\/10\/staff_works_here_800.png?ssl=1\"><img data-recalc-dims=\"1\" decoding=\"async\" src=\"https:\/\/i0.wp.com\/blog.bindy.com\/wp-content\/uploads\/2021\/10\/staff_works_here_800.png?w=700&#038;ssl=1\" alt=\"\" class=\"wp-image-13315\"\/><\/a><figcaption class=\"wp-element-caption\"><a href=\"https:\/\/bindy.com\/\" target=\"_blank\" rel=\"noreferrer noopener\">https:\/\/bindy.com\/<\/a><\/figcaption><\/figure>\n\n\n\n<h3 class=\"wp-block-heading\" id=\"ensure-that-past-issues-if-any-don-t-come-up-again\">Se till att tidigare problem (om n\u00e5gra) inte kommer upp igen<\/h3>\n\n\n\n<p class=\"wp-block-paragraph\">Om kandidaten haft n\u00e5gra tidigare problem under sin anst\u00e4llning \u00e4r det v\u00e4rt att gr\u00e4va i dem f\u00f6r att s\u00e4kerst\u00e4lla att de inte dyker upp n\u00e4r kandidaten \u00e5teranst\u00e4lls.&nbsp;<\/p>\n\n\n\n<blockquote class=\"wp-block-quote is-layout-flow wp-block-quote-is-layout-flow\">\n<p class=\"wp-block-paragraph\">&quot;Om din tidigare medarbetare hade n\u00e5gra bekymmer under sin avg\u00e5ngsintervju, eller om nuvarande anst\u00e4llda redan har \u00f6ppnat upp om potentiella problem, \u00e4r det viktigt att ta upp dem under intervjun&quot;, s\u00e4ger Diego Cardini grundare och direkt\u00f6r p\u00e5 <a href=\"https:\/\/thedrumninja.com\/\">Drum Ninja<\/a>.&nbsp;<\/p>\n<\/blockquote>\n\n\n\n<p class=\"wp-block-paragraph\">&quot;Tanken h\u00e4r \u00e4r att se om tidigare problem kommer att dyka upp igen och ha en inverkan p\u00e5 den tidigare anst\u00e4lldes f\u00f6rm\u00e5ga. Om han hade problem med f\u00f6retaget tidigare, vill han veta att de har \u00e5tg\u00e4rdats. Du b\u00f6r ocks\u00e5 ta upp eventuella farh\u00e5gor du har om medarbetarens prestation eller passform. Det \u00e4r en utm\u00e4rkt teknik f\u00f6r att minska chanserna f\u00f6r bumerangs\u00f6kanden att sluta s\u00e5 fort han har blivit \u00e5teranst\u00e4lld.\u201d<\/p>\n\n\n\n<h3 class=\"wp-block-heading\" id=\"manage-expectations-properly\">Hantera f\u00f6rv\u00e4ntningarna ordentligt<\/h3>\n\n\n\n<p class=\"wp-block-paragraph\">Att s\u00e4tta r\u00e4tt f\u00f6rv\u00e4ntningar \u00e4r ett m\u00e5ste, s\u00e4ger Igor Avidon, grundare och chefsstrateg p\u00e5 <a href=\"https:\/\/avidonmarketinggroup.com\/\">Avidon Marketing Group<\/a>.<\/p>\n\n\n\n<blockquote class=\"wp-block-quote is-layout-flow wp-block-quote-is-layout-flow\">\n<p class=\"wp-block-paragraph\">&quot;Ber\u00e4tta f\u00f6r din medarbetare om dina nya f\u00f6rv\u00e4ntningar f\u00f6r att s\u00e4kerst\u00e4lla att alla \u00e4r p\u00e5 samma sida. Behandla dem som alla andra nyanst\u00e4llda och l\u00e5t dem veta vem de ska rapportera till och vem de ska g\u00e5 till om de har n\u00e5gra fr\u00e5gor eller funderingar. Anta inte bara att de vet allt bara f\u00f6r att de har arbetat med dig tidigare.\u201d<\/p>\n<\/blockquote>\n\n\n\n<h2 class=\"wp-block-heading\" id=\"the-bottom-line\">Po\u00e4ngen<\/h2>\n\n\n\n<p class=\"wp-block-paragraph\">\u00c5teranst\u00e4llningsbeslut \u00e4r otroligt nyanserade. Ett medvetet f\u00f6rh\u00e5llningss\u00e4tt och genomt\u00e4nkta fr\u00e5gor hj\u00e4lper dig att g\u00f6ra det b\u00e4sta valet n\u00e4r du \u00f6verv\u00e4ger vem du ska ta med dig till dina team. F\u00f6rhoppningsvis ger ovanst\u00e5ende rekommendationer dig lite klarhet i hur du ska g\u00e5 vidare med dina \u00e5teranst\u00e4llningsinsatser.&nbsp;<\/p>\n\n\n\n<p class=\"wp-block-paragraph\"><strong>Om f\u00f6rfattaren:<\/strong><\/p>\n\n\n\n<figure class=\"wp-block-image\"><a href=\"https:\/\/i0.wp.com\/blog.bindy.com\/wp-content\/uploads\/2020\/09\/francesanicasio.jpeg?ssl=1\"><img loading=\"lazy\" decoding=\"async\" width=\"193\" height=\"193\" data-attachment-id=\"11488\" data-permalink=\"https:\/\/blog.bindy.com\/sv\/francesanicasio-2\/\" data-orig-file=\"https:\/\/i0.wp.com\/blog.bindy.com\/wp-content\/uploads\/2020\/09\/francesanicasio.jpeg?fit=193%2C193&amp;ssl=1\" data-orig-size=\"193,193\" data-comments-opened=\"1\" data-image-meta=\"{&quot;aperture&quot;:&quot;0&quot;,&quot;credit&quot;:&quot;&quot;,&quot;camera&quot;:&quot;&quot;,&quot;caption&quot;:&quot;&quot;,&quot;created_timestamp&quot;:&quot;0&quot;,&quot;copyright&quot;:&quot;&quot;,&quot;focal_length&quot;:&quot;0&quot;,&quot;iso&quot;:&quot;0&quot;,&quot;shutter_speed&quot;:&quot;0&quot;,&quot;title&quot;:&quot;&quot;,&quot;orientation&quot;:&quot;0&quot;}\" data-image-title=\"francesanicasio\" data-image-description=\"\" data-image-caption=\"\" data-large-file=\"https:\/\/i0.wp.com\/blog.bindy.com\/wp-content\/uploads\/2020\/09\/francesanicasio.jpeg?fit=193%2C193&amp;ssl=1\" src=\"https:\/\/i0.wp.com\/blog.bindy.com\/wp-content\/uploads\/2020\/09\/francesanicasio.jpeg?resize=193%2C193&amp;ssl=1\" alt=\"\" class=\"wp-image-11488\" srcset=\"https:\/\/i0.wp.com\/blog.bindy.com\/wp-content\/uploads\/2020\/09\/francesanicasio.jpeg?w=193&amp;ssl=1 193w, https:\/\/i0.wp.com\/blog.bindy.com\/wp-content\/uploads\/2020\/09\/francesanicasio.jpeg?resize=150%2C150&amp;ssl=1 150w, https:\/\/i0.wp.com\/blog.bindy.com\/wp-content\/uploads\/2020\/09\/francesanicasio.jpeg?resize=100%2C100&amp;ssl=1 100w, https:\/\/i0.wp.com\/blog.bindy.com\/wp-content\/uploads\/2020\/09\/francesanicasio.jpeg?resize=50%2C50&amp;ssl=1 50w\" sizes=\"auto, (max-width: 193px) 100vw, 193px\" \/><\/a><\/figure>\n\n\n\n<p class=\"wp-block-paragraph\"><a href=\"https:\/\/www.francescanicasio.com\/\" target=\"_blank\" rel=\"noreferrer noopener\">Francesca Nicasio<\/a>\u00a0\u00e4r detaljhandelsexpert, B2B-inneh\u00e5llsstrateg och LinkedIn TopVoice. Hon skriver om trender, tips och b\u00e4sta praxis som g\u00f6r det m\u00f6jligt f\u00f6r \u00e5terf\u00f6rs\u00e4ljare att \u00f6ka f\u00f6rs\u00e4ljningen och betj\u00e4na kunderna b\u00e4ttre.<\/p>","protected":false},"excerpt":{"rendered":"<p>Vid anst\u00e4llning str\u00e4var alla f\u00f6retag efter att g\u00f6ra en sak: ta in den b\u00e4sta personen f\u00f6r jobbet. Detta \u00e4r dock l\u00e4ttare sagt \u00e4n gjort, eftersom karri\u00e4rmarknaden kan vara en komplex och konkurrensutsatt milj\u00f6. F\u00f6r att inte tala om, den globala ekonomin skakades av h\u00e4ndelserna 2020, s\u00e5 detaljhandeln och andra branscher har f\u00f6r\u00e4ndrats ... <a href=\"https:\/\/blog.bindy.com\/sv\/how-to-hire-former-retail-employees\/\" class=\"more-link\">Forts\u00e4tt l\u00e4sa <span class=\"screen-reader-text\">Hur man anst\u00e4ller tidigare \u00e5terf\u00f6rs\u00e4ljare<\/span> <span class=\"meta-nav\">\u2192<\/span><\/a><\/p>","protected":false},"author":6370623,"featured_media":32227,"comment_status":"open","ping_status":"open","sticky":false,"template":"","format":"standard","meta":{"_coblocks_attr":"","_coblocks_dimensions":"","_coblocks_responsive_height":"","_coblocks_accordion_ie_support":"","_crdt_document":"","_jetpack_newsletter_access":"","_jetpack_dont_email_post_to_subs":false,"_jetpack_newsletter_tier_id":0,"_jetpack_memberships_contains_paywalled_content":false,"_jetpack_memberships_contains_paid_content":false,"footnotes":"","jetpack_publicize_message":"","jetpack_publicize_feature_enabled":true,"jetpack_social_post_already_shared":true,"jetpack_social_options":{"image_generator_settings":{"template":"highway","default_image_id":0,"font":"","enabled":false},"version":2},"_wpas_customize_per_network":false,"jetpack_post_was_ever_published":false},"categories":[113932],"tags":[677174130],"class_list":["post-32127","post","type-post","status-publish","format-standard","has-post-thumbnail","hentry","category-hiring","tag-hiring-practices"],"yoast_head":"<!-- This site is optimized with the Yoast SEO plugin v27.5 - https:\/\/yoast.com\/product\/yoast-seo-wordpress\/ -->\n<title>How to Hire Former Retail Employees<\/title>\n<meta name=\"description\" content=\"Retail hiring was already a challenge before the pandemic. Should you re-hire former retail employees? What are the best ways to go about it?\" \/>\n<meta name=\"robots\" content=\"index, follow, max-snippet:-1, max-image-preview:large, max-video-preview:-1\" \/>\n<link rel=\"canonical\" href=\"https:\/\/blog.bindy.com\/sv\/hur-man-anstaller-tidigare-butiksanstallda\/\" \/>\n<meta property=\"og:locale\" content=\"sv_SE\" \/>\n<meta property=\"og:type\" content=\"article\" \/>\n<meta property=\"og:title\" content=\"How to Hire Former Retail Employees\" \/>\n<meta property=\"og:description\" content=\"Retail hiring was already a challenge before the pandemic. Should you re-hire former retail employees? What are the best ways to go about it?\" \/>\n<meta property=\"og:url\" content=\"https:\/\/blog.bindy.com\/sv\/hur-man-anstaller-tidigare-butiksanstallda\/\" \/>\n<meta property=\"og:site_name\" content=\"Audits, Tasks and Communication\" \/>\n<meta property=\"article:publisher\" content=\"https:\/\/www.facebook.com\/bindyhq\" \/>\n<meta property=\"article:published_time\" content=\"2021-10-26T20:16:24+00:00\" \/>\n<meta property=\"article:modified_time\" content=\"2024-08-20T13:44:42+00:00\" \/>\n<meta property=\"og:image\" content=\"https:\/\/blog.bindy.com\/wp-content\/uploads\/2021\/06\/shutterstock_554327629.jpg?_t=1724161482\" \/>\n\t<meta property=\"og:image:width\" content=\"1920\" \/>\n\t<meta property=\"og:image:height\" content=\"1280\" \/>\n\t<meta property=\"og:image:type\" content=\"image\/jpeg\" \/>\n<meta name=\"author\" content=\"Bindy\" \/>\n<meta name=\"twitter:card\" content=\"summary_large_image\" \/>\n<meta name=\"twitter:creator\" content=\"@bindyhq\" \/>\n<meta name=\"twitter:site\" content=\"@bindyhq\" \/>\n<script type=\"application\/ld+json\" class=\"yoast-schema-graph\">{\"@context\":\"https:\\\/\\\/schema.org\",\"@graph\":[{\"@type\":\"Article\",\"@id\":\"https:\\\/\\\/blog.bindy.com\\\/how-to-hire-former-retail-employees\\\/#article\",\"isPartOf\":{\"@id\":\"https:\\\/\\\/blog.bindy.com\\\/how-to-hire-former-retail-employees\\\/\"},\"author\":{\"name\":\"Bindy\",\"@id\":\"https:\\\/\\\/blog.bindy.com\\\/#\\\/schema\\\/person\\\/d5e8de9f43631f43e8ad334d7d28c52f\"},\"headline\":\"How to Hire Former Retail Employees\",\"datePublished\":\"2021-10-26T20:16:24+00:00\",\"dateModified\":\"2024-08-20T13:44:42+00:00\",\"mainEntityOfPage\":{\"@id\":\"https:\\\/\\\/blog.bindy.com\\\/how-to-hire-former-retail-employees\\\/\"},\"wordCount\":1492,\"commentCount\":0,\"publisher\":{\"@id\":\"https:\\\/\\\/blog.bindy.com\\\/#organization\"},\"image\":{\"@id\":\"https:\\\/\\\/blog.bindy.com\\\/how-to-hire-former-retail-employees\\\/#primaryimage\"},\"thumbnailUrl\":\"https:\\\/\\\/i0.wp.com\\\/blog.bindy.com\\\/wp-content\\\/uploads\\\/2021\\\/06\\\/shutterstock_554327629.jpg?fit=1920%2C1280&ssl=1\",\"keywords\":[\"hiring practices\"],\"articleSection\":[\"\ud83d\udc65 Human Resources, Staff and Hiring\"],\"inLanguage\":\"sv-SE\",\"potentialAction\":[{\"@type\":\"CommentAction\",\"name\":\"Comment\",\"target\":[\"https:\\\/\\\/blog.bindy.com\\\/how-to-hire-former-retail-employees\\\/#respond\"]}]},{\"@type\":\"WebPage\",\"@id\":\"https:\\\/\\\/blog.bindy.com\\\/how-to-hire-former-retail-employees\\\/\",\"url\":\"https:\\\/\\\/blog.bindy.com\\\/how-to-hire-former-retail-employees\\\/\",\"name\":\"How to Hire Former Retail Employees\",\"isPartOf\":{\"@id\":\"https:\\\/\\\/blog.bindy.com\\\/#website\"},\"primaryImageOfPage\":{\"@id\":\"https:\\\/\\\/blog.bindy.com\\\/how-to-hire-former-retail-employees\\\/#primaryimage\"},\"image\":{\"@id\":\"https:\\\/\\\/blog.bindy.com\\\/how-to-hire-former-retail-employees\\\/#primaryimage\"},\"thumbnailUrl\":\"https:\\\/\\\/i0.wp.com\\\/blog.bindy.com\\\/wp-content\\\/uploads\\\/2021\\\/06\\\/shutterstock_554327629.jpg?fit=1920%2C1280&ssl=1\",\"datePublished\":\"2021-10-26T20:16:24+00:00\",\"dateModified\":\"2024-08-20T13:44:42+00:00\",\"description\":\"Retail hiring was already a challenge before the pandemic. Should you re-hire former retail employees? What are the best ways to go about it?\",\"breadcrumb\":{\"@id\":\"https:\\\/\\\/blog.bindy.com\\\/how-to-hire-former-retail-employees\\\/#breadcrumb\"},\"inLanguage\":\"sv-SE\",\"potentialAction\":[{\"@type\":\"ReadAction\",\"target\":[\"https:\\\/\\\/blog.bindy.com\\\/how-to-hire-former-retail-employees\\\/\"]}]},{\"@type\":\"ImageObject\",\"inLanguage\":\"sv-SE\",\"@id\":\"https:\\\/\\\/blog.bindy.com\\\/how-to-hire-former-retail-employees\\\/#primaryimage\",\"url\":\"https:\\\/\\\/i0.wp.com\\\/blog.bindy.com\\\/wp-content\\\/uploads\\\/2021\\\/06\\\/shutterstock_554327629.jpg?fit=1920%2C1280&ssl=1\",\"contentUrl\":\"https:\\\/\\\/i0.wp.com\\\/blog.bindy.com\\\/wp-content\\\/uploads\\\/2021\\\/06\\\/shutterstock_554327629.jpg?fit=1920%2C1280&ssl=1\",\"width\":1920,\"height\":1280,\"caption\":\"Photo credit: ShutterStock\"},{\"@type\":\"BreadcrumbList\",\"@id\":\"https:\\\/\\\/blog.bindy.com\\\/how-to-hire-former-retail-employees\\\/#breadcrumb\",\"itemListElement\":[{\"@type\":\"ListItem\",\"position\":1,\"name\":\"Home\",\"item\":\"https:\\\/\\\/blog.bindy.com\\\/\"},{\"@type\":\"ListItem\",\"position\":2,\"name\":\"How to Hire Former Retail Employees\"}]},{\"@type\":\"WebSite\",\"@id\":\"https:\\\/\\\/blog.bindy.com\\\/#website\",\"url\":\"https:\\\/\\\/blog.bindy.com\\\/\",\"name\":\"Audits, Tasks and Communication\",\"description\":\"Retail and Hospitality Operations\",\"publisher\":{\"@id\":\"https:\\\/\\\/blog.bindy.com\\\/#organization\"},\"potentialAction\":[{\"@type\":\"SearchAction\",\"target\":{\"@type\":\"EntryPoint\",\"urlTemplate\":\"https:\\\/\\\/blog.bindy.com\\\/?s={search_term_string}\"},\"query-input\":{\"@type\":\"PropertyValueSpecification\",\"valueRequired\":true,\"valueName\":\"search_term_string\"}}],\"inLanguage\":\"sv-SE\"},{\"@type\":\"Organization\",\"@id\":\"https:\\\/\\\/blog.bindy.com\\\/#organization\",\"name\":\"Bindy\",\"url\":\"https:\\\/\\\/blog.bindy.com\\\/\",\"logo\":{\"@type\":\"ImageObject\",\"inLanguage\":\"sv-SE\",\"@id\":\"https:\\\/\\\/blog.bindy.com\\\/#\\\/schema\\\/logo\\\/image\\\/\",\"url\":\"https:\\\/\\\/i0.wp.com\\\/blog.bindy.com\\\/wp-content\\\/uploads\\\/2021\\\/10\\\/Bindy-logo-horiz-col-72DPI.png?fit=1005%2C301&ssl=1\",\"contentUrl\":\"https:\\\/\\\/i0.wp.com\\\/blog.bindy.com\\\/wp-content\\\/uploads\\\/2021\\\/10\\\/Bindy-logo-horiz-col-72DPI.png?fit=1005%2C301&ssl=1\",\"width\":1005,\"height\":301,\"caption\":\"Bindy\"},\"image\":{\"@id\":\"https:\\\/\\\/blog.bindy.com\\\/#\\\/schema\\\/logo\\\/image\\\/\"},\"sameAs\":[\"https:\\\/\\\/www.facebook.com\\\/bindyhq\",\"https:\\\/\\\/x.com\\\/bindyhq\",\"https:\\\/\\\/www.linkedin.com\\\/company\\\/bindyhq\\\/\"]},{\"@type\":\"Person\",\"@id\":\"https:\\\/\\\/blog.bindy.com\\\/#\\\/schema\\\/person\\\/d5e8de9f43631f43e8ad334d7d28c52f\",\"name\":\"Bindy\",\"image\":{\"@type\":\"ImageObject\",\"inLanguage\":\"sv-SE\",\"@id\":\"https:\\\/\\\/secure.gravatar.com\\\/avatar\\\/3716fdd6e4d91f3a7e58f2a1540f8d9b2ce592771867cac2bfe8233b1fabc975?s=96&d=identicon&r=g\",\"url\":\"https:\\\/\\\/secure.gravatar.com\\\/avatar\\\/3716fdd6e4d91f3a7e58f2a1540f8d9b2ce592771867cac2bfe8233b1fabc975?s=96&d=identicon&r=g\",\"contentUrl\":\"https:\\\/\\\/secure.gravatar.com\\\/avatar\\\/3716fdd6e4d91f3a7e58f2a1540f8d9b2ce592771867cac2bfe8233b1fabc975?s=96&d=identicon&r=g\",\"caption\":\"Bindy\"},\"description\":\"Bindy is a cloud-powered app to automate \u2714\ufe0f audits, \ud83d\uddd3\ufe0f tasks and \ud83d\udce3 communication for retail and hospitality. Deploy and verify brand standards, tasks, and corrective actions to your sites with ease. Get real-time reports, signatures, videos, and photo verifications.\",\"sameAs\":[\"https:\\\/\\\/www.bindy.com\"],\"url\":\"https:\\\/\\\/blog.bindy.com\\\/sv\\\/author\\\/betterdot\\\/\"}]}<\/script>\n<!-- \/ Yoast SEO plugin. -->","yoast_head_json":{"title":"Hur man anst\u00e4ller tidigare \u00e5terf\u00f6rs\u00e4ljare","description":"Retailuthyrning var redan en utmaning innan pandemin. Ska du \u00e5teranst\u00e4lla tidigare detaljhandelsanst\u00e4llda? Vilka \u00e4r de b\u00e4sta s\u00e4tten att g\u00e5 till v\u00e4ga?","robots":{"index":"index","follow":"follow","max-snippet":"max-snippet:-1","max-image-preview":"max-image-preview:large","max-video-preview":"max-video-preview:-1"},"canonical":"https:\/\/blog.bindy.com\/sv\/hur-man-anstaller-tidigare-butiksanstallda\/","og_locale":"sv_SE","og_type":"article","og_title":"How to Hire Former Retail Employees","og_description":"Retail hiring was already a challenge before the pandemic. Should you re-hire former retail employees? What are the best ways to go about it?","og_url":"https:\/\/blog.bindy.com\/sv\/hur-man-anstaller-tidigare-butiksanstallda\/","og_site_name":"Audits, Tasks and Communication","article_publisher":"https:\/\/www.facebook.com\/bindyhq","article_published_time":"2021-10-26T20:16:24+00:00","article_modified_time":"2024-08-20T13:44:42+00:00","og_image":[{"width":1920,"height":1280,"url":"https:\/\/blog.bindy.com\/wp-content\/uploads\/2021\/06\/shutterstock_554327629.jpg?_t=1724161482","type":"image\/jpeg"}],"author":"Bindy","twitter_card":"summary_large_image","twitter_creator":"@bindyhq","twitter_site":"@bindyhq","schema":{"@context":"https:\/\/schema.org","@graph":[{"@type":"Article","@id":"https:\/\/blog.bindy.com\/how-to-hire-former-retail-employees\/#article","isPartOf":{"@id":"https:\/\/blog.bindy.com\/how-to-hire-former-retail-employees\/"},"author":{"name":"Bindy","@id":"https:\/\/blog.bindy.com\/#\/schema\/person\/d5e8de9f43631f43e8ad334d7d28c52f"},"headline":"How to Hire Former Retail Employees","datePublished":"2021-10-26T20:16:24+00:00","dateModified":"2024-08-20T13:44:42+00:00","mainEntityOfPage":{"@id":"https:\/\/blog.bindy.com\/how-to-hire-former-retail-employees\/"},"wordCount":1492,"commentCount":0,"publisher":{"@id":"https:\/\/blog.bindy.com\/#organization"},"image":{"@id":"https:\/\/blog.bindy.com\/how-to-hire-former-retail-employees\/#primaryimage"},"thumbnailUrl":"https:\/\/i0.wp.com\/blog.bindy.com\/wp-content\/uploads\/2021\/06\/shutterstock_554327629.jpg?fit=1920%2C1280&ssl=1","keywords":["hiring practices"],"articleSection":["\ud83d\udc65 Human Resources, Staff and Hiring"],"inLanguage":"sv-SE","potentialAction":[{"@type":"CommentAction","name":"Comment","target":["https:\/\/blog.bindy.com\/how-to-hire-former-retail-employees\/#respond"]}]},{"@type":"WebPage","@id":"https:\/\/blog.bindy.com\/how-to-hire-former-retail-employees\/","url":"https:\/\/blog.bindy.com\/how-to-hire-former-retail-employees\/","name":"Hur man anst\u00e4ller tidigare \u00e5terf\u00f6rs\u00e4ljare","isPartOf":{"@id":"https:\/\/blog.bindy.com\/#website"},"primaryImageOfPage":{"@id":"https:\/\/blog.bindy.com\/how-to-hire-former-retail-employees\/#primaryimage"},"image":{"@id":"https:\/\/blog.bindy.com\/how-to-hire-former-retail-employees\/#primaryimage"},"thumbnailUrl":"https:\/\/i0.wp.com\/blog.bindy.com\/wp-content\/uploads\/2021\/06\/shutterstock_554327629.jpg?fit=1920%2C1280&ssl=1","datePublished":"2021-10-26T20:16:24+00:00","dateModified":"2024-08-20T13:44:42+00:00","description":"Retailuthyrning var redan en utmaning innan pandemin. Ska du \u00e5teranst\u00e4lla tidigare detaljhandelsanst\u00e4llda? Vilka \u00e4r de b\u00e4sta s\u00e4tten att g\u00e5 till v\u00e4ga?","breadcrumb":{"@id":"https:\/\/blog.bindy.com\/how-to-hire-former-retail-employees\/#breadcrumb"},"inLanguage":"sv-SE","potentialAction":[{"@type":"ReadAction","target":["https:\/\/blog.bindy.com\/how-to-hire-former-retail-employees\/"]}]},{"@type":"ImageObject","inLanguage":"sv-SE","@id":"https:\/\/blog.bindy.com\/how-to-hire-former-retail-employees\/#primaryimage","url":"https:\/\/i0.wp.com\/blog.bindy.com\/wp-content\/uploads\/2021\/06\/shutterstock_554327629.jpg?fit=1920%2C1280&ssl=1","contentUrl":"https:\/\/i0.wp.com\/blog.bindy.com\/wp-content\/uploads\/2021\/06\/shutterstock_554327629.jpg?fit=1920%2C1280&ssl=1","width":1920,"height":1280,"caption":"Photo credit: ShutterStock"},{"@type":"BreadcrumbList","@id":"https:\/\/blog.bindy.com\/how-to-hire-former-retail-employees\/#breadcrumb","itemListElement":[{"@type":"ListItem","position":1,"name":"Home","item":"https:\/\/blog.bindy.com\/"},{"@type":"ListItem","position":2,"name":"How to Hire Former Retail Employees"}]},{"@type":"WebSite","@id":"https:\/\/blog.bindy.com\/#website","url":"https:\/\/blog.bindy.com\/","name":"Revisioner, uppgifter och kommunikation","description":"Detaljhandel och hotell- och restaurangverksamhet","publisher":{"@id":"https:\/\/blog.bindy.com\/#organization"},"potentialAction":[{"@type":"SearchAction","target":{"@type":"EntryPoint","urlTemplate":"https:\/\/blog.bindy.com\/?s={search_term_string}"},"query-input":{"@type":"PropertyValueSpecification","valueRequired":true,"valueName":"search_term_string"}}],"inLanguage":"sv-SE"},{"@type":"Organization","@id":"https:\/\/blog.bindy.com\/#organization","name":"Bindy","url":"https:\/\/blog.bindy.com\/","logo":{"@type":"ImageObject","inLanguage":"sv-SE","@id":"https:\/\/blog.bindy.com\/#\/schema\/logo\/image\/","url":"https:\/\/i0.wp.com\/blog.bindy.com\/wp-content\/uploads\/2021\/10\/Bindy-logo-horiz-col-72DPI.png?fit=1005%2C301&ssl=1","contentUrl":"https:\/\/i0.wp.com\/blog.bindy.com\/wp-content\/uploads\/2021\/10\/Bindy-logo-horiz-col-72DPI.png?fit=1005%2C301&ssl=1","width":1005,"height":301,"caption":"Bindy"},"image":{"@id":"https:\/\/blog.bindy.com\/#\/schema\/logo\/image\/"},"sameAs":["https:\/\/www.facebook.com\/bindyhq","https:\/\/x.com\/bindyhq","https:\/\/www.linkedin.com\/company\/bindyhq\/"]},{"@type":"Person","@id":"https:\/\/blog.bindy.com\/#\/schema\/person\/d5e8de9f43631f43e8ad334d7d28c52f","name":"Bindy","image":{"@type":"ImageObject","inLanguage":"sv-SE","@id":"https:\/\/secure.gravatar.com\/avatar\/3716fdd6e4d91f3a7e58f2a1540f8d9b2ce592771867cac2bfe8233b1fabc975?s=96&d=identicon&r=g","url":"https:\/\/secure.gravatar.com\/avatar\/3716fdd6e4d91f3a7e58f2a1540f8d9b2ce592771867cac2bfe8233b1fabc975?s=96&d=identicon&r=g","contentUrl":"https:\/\/secure.gravatar.com\/avatar\/3716fdd6e4d91f3a7e58f2a1540f8d9b2ce592771867cac2bfe8233b1fabc975?s=96&d=identicon&r=g","caption":"Bindy"},"description":"Bindy \u00e4r en molndriven app f\u00f6r att automatisera \u2714\ufe0f-revisioner, \ud83d\uddd3\ufe0f-uppgifter och \ud83d\udce3-kommunikation f\u00f6r detaljhandel och hotell- och restaurangbranschen. Implementera och verifiera varum\u00e4rkesstandarder, uppgifter och korrigerande \u00e5tg\u00e4rder p\u00e5 dina webbplatser med l\u00e4tthet. F\u00e5 rapporter, signaturer, videor och fotoverifieringar i realtid.","sameAs":["https:\/\/www.bindy.com"],"url":"https:\/\/blog.bindy.com\/sv\/author\/betterdot\/"}]}},"jetpack_publicize_connections":[],"jetpack_featured_media_url":"https:\/\/i0.wp.com\/blog.bindy.com\/wp-content\/uploads\/2021\/06\/shutterstock_554327629.jpg?fit=1920%2C1280&ssl=1","jetpack_likes_enabled":false,"jetpack_sharing_enabled":true,"jetpack_shortlink":"https:\/\/wp.me\/pDNAM-8mb","jetpack-related-posts":[{"id":7022,"url":"https:\/\/blog.bindy.com\/sv\/3-ways-to-support-retail-store-managers\/","url_meta":{"origin":32127,"position":0},"title":"3 s\u00e4tt att st\u00f6dja butikschefer","author":"Bindy","date":"oktober 26, 2021","format":false,"excerpt":"Butikschefer \u00e4r ryggraden i din detaljhandelsverksamhet. R\u00e4tt butikschef kan g\u00f6ra en butik till en enorm succ\u00e9, medan fel chef kan f\u00f6rst\u00f6ra ett varum\u00e4rke. Enligt University of Chicago kan en bra chef \u00f6ka butiksproduktiviteten med upp till 100%. Det \u00e4r d\u00e4rf\u00f6r det \u00e4r avg\u00f6rande\u2026","rel":"","context":"I \u201d\ud83d\udc65 Human Resources, Staff and Hiring\u201d","block_context":{"text":"\ud83d\udc65 Human Resources, Staff and Hiring","link":"https:\/\/blog.bindy.com\/sv\/category\/hiring\/"},"img":{"alt_text":"","src":"https:\/\/i0.wp.com\/blog.bindy.com\/wp-content\/uploads\/2019\/12\/shutterstock_614002691-1.jpg?fit=1200%2C801&ssl=1&resize=350%2C200","width":350,"height":200,"srcset":"https:\/\/i0.wp.com\/blog.bindy.com\/wp-content\/uploads\/2019\/12\/shutterstock_614002691-1.jpg?fit=1200%2C801&ssl=1&resize=350%2C200 1x, https:\/\/i0.wp.com\/blog.bindy.com\/wp-content\/uploads\/2019\/12\/shutterstock_614002691-1.jpg?fit=1200%2C801&ssl=1&resize=525%2C300 1.5x, https:\/\/i0.wp.com\/blog.bindy.com\/wp-content\/uploads\/2019\/12\/shutterstock_614002691-1.jpg?fit=1200%2C801&ssl=1&resize=700%2C400 2x, https:\/\/i0.wp.com\/blog.bindy.com\/wp-content\/uploads\/2019\/12\/shutterstock_614002691-1.jpg?fit=1200%2C801&ssl=1&resize=1050%2C600 3x"},"classes":[]},{"id":2059,"url":"https:\/\/blog.bindy.com\/sv\/9-ways-to-turn-your-seasonal-employees-into-top-performers\/","url_meta":{"origin":32127,"position":1},"title":"9 s\u00e4tt att f\u00f6rvandla dina s\u00e4songsanst\u00e4llda till topppresterande","author":"Bindy","date":"oktober 26, 2021","format":false,"excerpt":"Att h\u00e5lla anst\u00e4llda motiverade \u00e4r en utmaning som \u00e5terf\u00f6rs\u00e4ljare st\u00e5r inf\u00f6r \u00e5ret runt, men uppgiften blir s\u00e4rskilt sv\u00e5r under helgdagar n\u00e4r man har s\u00e4songsanst\u00e4lld personal. Varf\u00f6r? F\u00f6r till skillnad fr\u00e5n heltidsanst\u00e4llda kanske s\u00e4songsarbetare inte \u00e4r lika engagerade i ditt f\u00f6retag och kan d\u00e4rf\u00f6r inte anstr\u00e4nga sig fullt ut. Om\u2026","rel":"","context":"I \u201d\u2744\ufe0f Seasonal\u201d","block_context":{"text":"\u2744\ufe0f Seasonal","link":"https:\/\/blog.bindy.com\/sv\/category\/seasonal-retail\/"},"img":{"alt_text":"Photo credit: Shutterstock","src":"https:\/\/i0.wp.com\/blog.bindy.com\/wp-content\/uploads\/2019\/12\/shutterstock_1176110662.jpg?fit=1200%2C745&ssl=1&resize=350%2C200","width":350,"height":200,"srcset":"https:\/\/i0.wp.com\/blog.bindy.com\/wp-content\/uploads\/2019\/12\/shutterstock_1176110662.jpg?fit=1200%2C745&ssl=1&resize=350%2C200 1x, https:\/\/i0.wp.com\/blog.bindy.com\/wp-content\/uploads\/2019\/12\/shutterstock_1176110662.jpg?fit=1200%2C745&ssl=1&resize=525%2C300 1.5x, https:\/\/i0.wp.com\/blog.bindy.com\/wp-content\/uploads\/2019\/12\/shutterstock_1176110662.jpg?fit=1200%2C745&ssl=1&resize=700%2C400 2x, https:\/\/i0.wp.com\/blog.bindy.com\/wp-content\/uploads\/2019\/12\/shutterstock_1176110662.jpg?fit=1200%2C745&ssl=1&resize=1050%2C600 3x"},"classes":[]},{"id":3759,"url":"https:\/\/blog.bindy.com\/sv\/6-tips-for-hiring-a-retail-district-manager\/","url_meta":{"origin":32127,"position":2},"title":"6 tips f\u00f6r att anst\u00e4lla en detaljhandelsdistriktschef","author":"Bindy","date":"oktober 26, 2021","format":false,"excerpt":"Alla \u00e5terf\u00f6rs\u00e4ljare med flera butiker h\u00e5ller med om att det \u00e4r avg\u00f6rande f\u00f6r framg\u00e5ng att ha en kompetent distriktschef. En distriktschef har i uppgift att \u00f6vervaka verksamheten i alla butiker inom ett givet distrikt eller omr\u00e5de och m\u00e5ste jonglera flera detaljhandelskomponenter, inklusive personalutveckling, efterlevnad, f\u00f6rs\u00e4ljning, kundn\u00f6jdhet med mera. Det s\u00e4ger sig sj\u00e4lvt att...","rel":"","context":"I \u201d\ud83d\udc65 Human Resources, Staff and Hiring\u201d","block_context":{"text":"\ud83d\udc65 Human Resources, Staff and Hiring","link":"https:\/\/blog.bindy.com\/sv\/category\/hiring\/"},"img":{"alt_text":"","src":"https:\/\/i0.wp.com\/blog.bindy.com\/wp-content\/uploads\/2020\/06\/shutterstock_1534439567.jpg?fit=1200%2C675&ssl=1&resize=350%2C200","width":350,"height":200,"srcset":"https:\/\/i0.wp.com\/blog.bindy.com\/wp-content\/uploads\/2020\/06\/shutterstock_1534439567.jpg?fit=1200%2C675&ssl=1&resize=350%2C200 1x, https:\/\/i0.wp.com\/blog.bindy.com\/wp-content\/uploads\/2020\/06\/shutterstock_1534439567.jpg?fit=1200%2C675&ssl=1&resize=525%2C300 1.5x, https:\/\/i0.wp.com\/blog.bindy.com\/wp-content\/uploads\/2020\/06\/shutterstock_1534439567.jpg?fit=1200%2C675&ssl=1&resize=700%2C400 2x, https:\/\/i0.wp.com\/blog.bindy.com\/wp-content\/uploads\/2020\/06\/shutterstock_1534439567.jpg?fit=1200%2C675&ssl=1&resize=1050%2C600 3x"},"classes":[]},{"id":7008,"url":"https:\/\/blog.bindy.com\/sv\/10-ways-to-motivate-retail-staff-during-the-holidays\/","url_meta":{"origin":32127,"position":3},"title":"10 s\u00e4tt att motivera detaljhandelspersonal under semestern","author":"Bindy","date":"oktober 26, 2021","format":false,"excerpt":"Vi vet alla hur p\u00e5verkande julhandeln \u00e4r f\u00f6r alla \u00e5terf\u00f6rs\u00e4ljare. Och den blir bara st\u00f6rre. Enligt historisk f\u00f6rs\u00e4ljningsstatistik fr\u00e5n National Retail Federation har julhandelns f\u00f6rs\u00e4ljning mer \u00e4n f\u00f6rdubblats under de senaste 20 \u00e5ren. Du \u00e4r upptagen med att koordinera kampanjer och kampanjer, planer f\u00f6r visuell merchandising,\u2026","rel":"","context":"I \u201d\u2744\ufe0f Seasonal\u201d","block_context":{"text":"\u2744\ufe0f Seasonal","link":"https:\/\/blog.bindy.com\/sv\/category\/seasonal-retail\/"},"img":{"alt_text":"","src":"https:\/\/i0.wp.com\/blog.bindy.com\/wp-content\/uploads\/2016\/10\/shutterstock_307022402.jpg?fit=1200%2C800&ssl=1&resize=350%2C200","width":350,"height":200,"srcset":"https:\/\/i0.wp.com\/blog.bindy.com\/wp-content\/uploads\/2016\/10\/shutterstock_307022402.jpg?fit=1200%2C800&ssl=1&resize=350%2C200 1x, https:\/\/i0.wp.com\/blog.bindy.com\/wp-content\/uploads\/2016\/10\/shutterstock_307022402.jpg?fit=1200%2C800&ssl=1&resize=525%2C300 1.5x, https:\/\/i0.wp.com\/blog.bindy.com\/wp-content\/uploads\/2016\/10\/shutterstock_307022402.jpg?fit=1200%2C800&ssl=1&resize=700%2C400 2x, https:\/\/i0.wp.com\/blog.bindy.com\/wp-content\/uploads\/2016\/10\/shutterstock_307022402.jpg?fit=1200%2C800&ssl=1&resize=1050%2C600 3x"},"classes":[]},{"id":60065,"url":"https:\/\/blog.bindy.com\/sv\/5-store-operations-best-practices\/","url_meta":{"origin":32127,"position":4},"title":"5 B\u00e4sta praxis f\u00f6r butiksdrift varje chef m\u00e5ste implementera","author":"Bindy","date":"februari 28, 2023","format":false,"excerpt":"Gissa vad som \u00e4r dyrare \u00e4n diamanter nuf\u00f6rtiden? Att skaffa kunder inom detaljhandeln. Just det. Kundanskaffningskostnaden inom detaljhandeln har skjutit i h\u00f6jden under de senaste \u00e5tta \u00e5ren, med en enorm \u00f6kning p\u00e5 222%. Hur hamnade vi h\u00e4r? Bland annat str\u00e4ngare regler kring konsumenternas integritet, den f\u00f6rest\u00e5ende nedl\u00e4ggningen av\u2026","rel":"","context":"I \u201d\ud83d\udcd6 How-to guides\u201d","block_context":{"text":"\ud83d\udcd6 How-to guides","link":"https:\/\/blog.bindy.com\/sv\/category\/how-to\/"},"img":{"alt_text":"","src":"https:\/\/i0.wp.com\/blog.bindy.com\/wp-content\/uploads\/2023\/02\/shutterstock_787054072.jpg?fit=1200%2C800&ssl=1&resize=350%2C200","width":350,"height":200,"srcset":"https:\/\/i0.wp.com\/blog.bindy.com\/wp-content\/uploads\/2023\/02\/shutterstock_787054072.jpg?fit=1200%2C800&ssl=1&resize=350%2C200 1x, https:\/\/i0.wp.com\/blog.bindy.com\/wp-content\/uploads\/2023\/02\/shutterstock_787054072.jpg?fit=1200%2C800&ssl=1&resize=525%2C300 1.5x, https:\/\/i0.wp.com\/blog.bindy.com\/wp-content\/uploads\/2023\/02\/shutterstock_787054072.jpg?fit=1200%2C800&ssl=1&resize=700%2C400 2x, https:\/\/i0.wp.com\/blog.bindy.com\/wp-content\/uploads\/2023\/02\/shutterstock_787054072.jpg?fit=1200%2C800&ssl=1&resize=1050%2C600 3x"},"classes":[]},{"id":5904,"url":"https:\/\/blog.bindy.com\/sv\/11-tips-to-be-a-better-retail-store-manager\/","url_meta":{"origin":32127,"position":5},"title":"11 tips f\u00f6r att bli en b\u00e4ttre butikschef","author":"Bindy","date":"oktober 26, 2021","format":false,"excerpt":"Butikschefer spelar en allt viktigare roll i den fysiska butiksmilj\u00f6n. I takt med att vi har g\u00e5tt fr\u00e5n renodlade transaktionella utrymmen till personliga varum\u00e4rkesupplevelser forts\u00e4tter butiksmedarbetarens roll att f\u00f6r\u00e4ndras. Det \u00e4r viktigt att alltid leta efter s\u00e4tt att f\u00f6rb\u00e4ttra sig som butikschef. N\u00e4r det g\u00e4ller\u2026","rel":"","context":"I \u201d\ud83d\udc65 Human Resources, Staff and Hiring\u201d","block_context":{"text":"\ud83d\udc65 Human Resources, Staff and Hiring","link":"https:\/\/blog.bindy.com\/sv\/category\/hiring\/"},"img":{"alt_text":"","src":"https:\/\/i0.wp.com\/blog.bindy.com\/wp-content\/uploads\/2019\/04\/store-managers-1.jpg?fit=719%2C404&ssl=1&resize=350%2C200","width":350,"height":200,"srcset":"https:\/\/i0.wp.com\/blog.bindy.com\/wp-content\/uploads\/2019\/04\/store-managers-1.jpg?fit=719%2C404&ssl=1&resize=350%2C200 1x, https:\/\/i0.wp.com\/blog.bindy.com\/wp-content\/uploads\/2019\/04\/store-managers-1.jpg?fit=719%2C404&ssl=1&resize=525%2C300 1.5x, https:\/\/i0.wp.com\/blog.bindy.com\/wp-content\/uploads\/2019\/04\/store-managers-1.jpg?fit=719%2C404&ssl=1&resize=700%2C400 2x"},"classes":[]}],"_links":{"self":[{"href":"https:\/\/blog.bindy.com\/sv\/wp-json\/wp\/v2\/posts\/32127","targetHints":{"allow":["GET"]}}],"collection":[{"href":"https:\/\/blog.bindy.com\/sv\/wp-json\/wp\/v2\/posts"}],"about":[{"href":"https:\/\/blog.bindy.com\/sv\/wp-json\/wp\/v2\/types\/post"}],"author":[{"embeddable":true,"href":"https:\/\/blog.bindy.com\/sv\/wp-json\/wp\/v2\/users\/6370623"}],"replies":[{"embeddable":true,"href":"https:\/\/blog.bindy.com\/sv\/wp-json\/wp\/v2\/comments?post=32127"}],"version-history":[{"count":9,"href":"https:\/\/blog.bindy.com\/sv\/wp-json\/wp\/v2\/posts\/32127\/revisions"}],"predecessor-version":[{"id":63248,"href":"https:\/\/blog.bindy.com\/sv\/wp-json\/wp\/v2\/posts\/32127\/revisions\/63248"}],"wp:featuredmedia":[{"embeddable":true,"href":"https:\/\/blog.bindy.com\/sv\/wp-json\/wp\/v2\/media\/32227"}],"wp:attachment":[{"href":"https:\/\/blog.bindy.com\/sv\/wp-json\/wp\/v2\/media?parent=32127"}],"wp:term":[{"taxonomy":"category","embeddable":true,"href":"https:\/\/blog.bindy.com\/sv\/wp-json\/wp\/v2\/categories?post=32127"},{"taxonomy":"post_tag","embeddable":true,"href":"https:\/\/blog.bindy.com\/sv\/wp-json\/wp\/v2\/tags?post=32127"}],"curies":[{"name":"wp","href":"https:\/\/api.w.org\/{rel}","templated":true}]}}